{"id":43,"date":"2021-11-14T23:05:36","date_gmt":"2021-11-14T23:05:36","guid":{"rendered":"http:\/\/competenciasparalasostenibilidad.com\/?p=43"},"modified":"2021-11-15T21:00:58","modified_gmt":"2021-11-15T21:00:58","slug":"sobreelproyecto","status":"publish","type":"post","link":"https:\/\/competenciasparalasostenibilidad.com\/index.php\/2021\/11\/14\/sobreelproyecto\/","title":{"rendered":"Sobre el proyecto"},"content":{"rendered":"\t\t<div data-elementor-type=\"wp-post\" data-elementor-id=\"43\" class=\"elementor elementor-43\" data-elementor-settings=\"[]\">\n\t\t\t\t\t\t\t<div class=\"elementor-section-wrap\">\n\t\t\t\t\t\t\t<section class=\"elementor-section elementor-top-section elementor-element elementor-element-236f9b1 elementor-section-boxed elementor-section-height-default elementor-section-height-default\" data-id=\"236f9b1\" data-element_type=\"section\">\n\t\t\t\t\t\t<div class=\"elementor-container elementor-column-gap-default\">\n\t\t\t\t\t<div class=\"elementor-column elementor-col-100 elementor-top-column elementor-element elementor-element-e2650f1\" data-id=\"e2650f1\" data-element_type=\"column\">\n\t\t\t<div class=\"elementor-widget-wrap elementor-element-populated\">\n\t\t\t\t\t\t\t\t<section class=\"elementor-section elementor-inner-section elementor-element elementor-element-de0fee3 elementor-section-boxed elementor-section-height-default elementor-section-height-default\" data-id=\"de0fee3\" data-element_type=\"section\">\n\t\t\t\t\t\t<div class=\"elementor-container elementor-column-gap-default\">\n\t\t\t\t\t<div class=\"elementor-column elementor-col-50 elementor-inner-column elementor-element elementor-element-72f1849\" data-id=\"72f1849\" data-element_type=\"column\">\n\t\t\t<div class=\"elementor-widget-wrap elementor-element-populated\">\n\t\t\t\t\t\t\t\t<div class=\"elementor-element elementor-element-fcce3f0 elementor-widget elementor-widget-text-editor\" data-id=\"fcce3f0\" data-element_type=\"widget\" data-widget_type=\"text-editor.default\">\n\t\t\t\t<div class=\"elementor-widget-container\">\n\t\t\t<style>\/*! elementor - v3.5.3 - 28-12-2021 *\/\n.elementor-widget-text-editor.elementor-drop-cap-view-stacked .elementor-drop-cap{background-color:#818a91;color:#fff}.elementor-widget-text-editor.elementor-drop-cap-view-framed .elementor-drop-cap{color:#818a91;border:3px solid;background-color:transparent}.elementor-widget-text-editor:not(.elementor-drop-cap-view-default) .elementor-drop-cap{margin-top:8px}.elementor-widget-text-editor:not(.elementor-drop-cap-view-default) .elementor-drop-cap-letter{width:1em;height:1em}.elementor-widget-text-editor .elementor-drop-cap{float:left;text-align:center;line-height:1;font-size:50px}.elementor-widget-text-editor .elementor-drop-cap-letter{display:inline-block}<\/style>\t\t\t\t<p>La Educaci\u00f3n para la Sostenibilidad (EDS) se plantea entre sus objetivos: abrir espacios para imaginar un mejor futuro, promover la participaci\u00f3n en la toma de decisiones y el trabajo colaborativo, y promover y mejorar la calidad de la educaci\u00f3n centr\u00e1ndose en el intercambio de conocimientos, habilidades y valores a lo largo de toda la vida (UNESCO 2006, 2008, 2009, 2021,&nbsp; Besong and Holland, 2015, Bhandari, 2003). Los conocimientos, habilidades y valores son atributos de los individuos que al conjugarse conforman las competencias (Gonzci en Rychen et al., 2003).<\/p>\t\t\t\t\t\t<\/div>\n\t\t\t\t<\/div>\n\t\t\t\t\t<\/div>\n\t\t<\/div>\n\t\t\t\t<div class=\"elementor-column elementor-col-50 elementor-inner-column elementor-element elementor-element-0b0c5d4\" data-id=\"0b0c5d4\" data-element_type=\"column\">\n\t\t\t<div class=\"elementor-widget-wrap elementor-element-populated\">\n\t\t\t\t\t\t\t\t<div class=\"elementor-element elementor-element-68c3c33 elementor-widget elementor-widget-text-editor\" data-id=\"68c3c33\" data-element_type=\"widget\" data-widget_type=\"text-editor.default\">\n\t\t\t\t<div class=\"elementor-widget-container\">\n\t\t\t\t\t\t\t<p>&nbsp;La postura de la EDS en torno al desarrollo de competencias se mantiene vigente, en desarrollar las competencias de: pensamiento sist\u00e9mico, anticipaci\u00f3n, normativa, estrat\u00e9gica, colaboraci\u00f3n, pensamiento cr\u00edtico, autoconciencia, e integrada a la resoluci\u00f3n de problemas, como expresa la Declaraci\u00f3n de Berl\u00edn (UNESCO, 2021).<\/p>\t\t\t\t\t\t<\/div>\n\t\t\t\t<\/div>\n\t\t\t\t\t<\/div>\n\t\t<\/div>\n\t\t\t\t\t\t\t<\/div>\n\t\t<\/section>\n\t\t\t\t\t<\/div>\n\t\t<\/div>\n\t\t\t\t\t\t\t<\/div>\n\t\t<\/section>\n\t\t\t\t\t\t<\/div>\n\t\t\t\t\t<\/div>\n\t\t","protected":false},"excerpt":{"rendered":"<p>La Educaci\u00f3n para la Sostenibilidad (EDS) se plantea entre sus objetivos: abrir espacios para imaginar un mejor futuro, promover la participaci\u00f3n en la toma de decisiones y el trabajo colaborativo, y promover y mejorar la calidad de la educaci\u00f3n centr\u00e1ndose en el intercambio de conocimientos, habilidades y valores a lo largo de toda la vida&#8230;<a class=\"read-more-link button\" href=\"https:\/\/competenciasparalasostenibilidad.com\/index.php\/2021\/11\/14\/sobreelproyecto\/\">Read more<\/a><\/p>\n","protected":false},"author":1,"featured_media":0,"comment_status":"open","ping_status":"open","sticky":false,"template":"elementor_header_footer","format":"standard","meta":[],"categories":[1],"tags":[],"_links":{"self":[{"href":"https:\/\/competenciasparalasostenibilidad.com\/index.php\/wp-json\/wp\/v2\/posts\/43"}],"collection":[{"href":"https:\/\/competenciasparalasostenibilidad.com\/index.php\/wp-json\/wp\/v2\/posts"}],"about":[{"href":"https:\/\/competenciasparalasostenibilidad.com\/index.php\/wp-json\/wp\/v2\/types\/post"}],"author":[{"embeddable":true,"href":"https:\/\/competenciasparalasostenibilidad.com\/index.php\/wp-json\/wp\/v2\/users\/1"}],"replies":[{"embeddable":true,"href":"https:\/\/competenciasparalasostenibilidad.com\/index.php\/wp-json\/wp\/v2\/comments?post=43"}],"version-history":[{"count":12,"href":"https:\/\/competenciasparalasostenibilidad.com\/index.php\/wp-json\/wp\/v2\/posts\/43\/revisions"}],"predecessor-version":[{"id":142,"href":"https:\/\/competenciasparalasostenibilidad.com\/index.php\/wp-json\/wp\/v2\/posts\/43\/revisions\/142"}],"wp:attachment":[{"href":"https:\/\/competenciasparalasostenibilidad.com\/index.php\/wp-json\/wp\/v2\/media?parent=43"}],"wp:term":[{"taxonomy":"category","embeddable":true,"href":"https:\/\/competenciasparalasostenibilidad.com\/index.php\/wp-json\/wp\/v2\/categories?post=43"},{"taxonomy":"post_tag","embeddable":true,"href":"https:\/\/competenciasparalasostenibilidad.com\/index.php\/wp-json\/wp\/v2\/tags?post=43"}],"curies":[{"name":"wp","href":"https:\/\/api.w.org\/{rel}","templated":true}]}}